{"id":1198,"date":"2025-11-26T17:00:00","date_gmt":"2025-11-26T16:00:00","guid":{"rendered":"https:\/\/gep-valence.fr\/?p=1198"},"modified":"2025-11-26T15:55:35","modified_gmt":"2025-11-26T14:55:35","slug":"marie-repoux-sengage-dans-la-dynamique-de-la-gauche-ecologiste-et-populaire-pour-les-municipales-2026-a-valence","status":"publish","type":"post","link":"https:\/\/gep-valence.fr\/?p=1198","title":{"rendered":"Marie Repoux s&rsquo;engage dans la dynamique de la Gauche Ecologiste et Populaire pour les Municipales 2026 \u00e0 Valence"},"content":{"rendered":"\n<figure class=\"wp-block-image size-large is-resized\"><img loading=\"lazy\" decoding=\"async\" width=\"639\" height=\"1024\" src=\"https:\/\/gep-valence.fr\/wp-content\/uploads\/2025\/11\/Marie-639x1024.jpg\" alt=\"\" class=\"wp-image-1199\" style=\"width:371px;height:auto\" srcset=\"https:\/\/gep-valence.fr\/wp-content\/uploads\/2025\/11\/Marie-639x1024.jpg 639w, https:\/\/gep-valence.fr\/wp-content\/uploads\/2025\/11\/Marie-187x300.jpg 187w, https:\/\/gep-valence.fr\/wp-content\/uploads\/2025\/11\/Marie-768x1230.jpg 768w, https:\/\/gep-valence.fr\/wp-content\/uploads\/2025\/11\/Marie.jpg 799w\" sizes=\"auto, (max-width: 639px) 100vw, 639px\" \/><\/figure>\n\n\n\n<h2 class=\"wp-block-heading\">Peux tu te pr\u00e9senter en quelques mots ? <\/h2>\n\n\n\n<p>Je m\u2019appelle Marie REPOUX, j\u2019ai 42 ans et je vis \u00e0 Valence depuis 14 ans. Originaire de r\u00e9gion parisienne, j\u2019ai d\u00e9couvert cette ville et la r\u00e9gion il y a presque 20 ans maintenant en stage de fin d\u2019\u00e9tude d\u2019\u00e9cole d\u2019ing\u00e9nieur. J\u2019y suis revenue pour m\u2019y installer quelques ann\u00e9es plus tard car c\u2019est une ville dans laquelle je me suis sentie tr\u00e8s bien \u00e0 la fois par sa localisation g\u00e9ographique (proche montagne\/mer\/Paris\/Lyon\/Grenoble\/Montpellier,..), son ancrage territorial (agricole notamment), et sa diversit\u00e9 culturelle. A taille humaine, elle peut \u00eatre parcourue \u00e0 pied tout en offrant bons nombre de services des grandes villes : conservatoire, m\u00e9diath\u00e8que, th\u00e9\u00e2tre, march\u00e9s, restaurants\/bars..<\/p>\n\n\n\n<h2 class=\"wp-block-heading\">Pourquoi as-tu choisi de rejoindre cette liste ?<\/h2>\n\n\n\n<p>J\u2019ai choisi de rejoindre la liste de la Gauche Ecologiste et Populaire pour les valeurs humaines mises au c\u0153ur de la r\u00e9flexion et pour la d\u00e9marche participative citoyenne centrale dans la construction programmatique. Cela fait quelques ann\u00e9es maintenant que je me suis \u2018re-connect\u00e9e\u2019 \u00e0 la politique avec cette prise de conscience que nos vies sont \u00e9minemment d\u00e9pendantes des choix politiques d\u00e9cid\u00e9s et sur lesquels on a souvent l\u2019impression de n\u2019avoir aucune prise. Aussi avoir la possibilit\u00e9 de s\u2019engager au sein d\u2019un collectif de citoyens \u00e0 l\u2019\u00e9chelle locale de la ville a pris tout son sens pour moi : r\u00e9fl\u00e9chir, d\u00e9battre, proposer et agir ensemble sur notre environnement de vie!<\/p>\n\n\n\n<h2 class=\"wp-block-heading\">Quel combat local te tient le plus \u00e0 c\u0153ur ?<\/h2>\n\n\n\n<p>Il est difficile de faire un choix entre les diff\u00e9rents enjeux majeurs actuels mais ce qui m\u2019interpelle le plus en ce moment c\u2019est la pr\u00e9carit\u00e9 grandissante qui recouvrent plusieurs questions : acc\u00e8s aux soins, acc\u00e8s \u00e0 une alimentation saine, acc\u00e8s \u00e0 des logements salubres, acc\u00e8s \u00e0 l\u2019\u00e9ducation et \u00e0 la culture,.. Pour moi cette question touche \u00e0 l\u2019humanit\u00e9 et aux valeurs de la soci\u00e9t\u00e9 dans laquelle on veut vivre. Individuellement notre impact est limit\u00e9 mais \u00e0 l\u2019\u00e9chelle de la ville on peut d\u00e9j\u00e0 insuffler de vrais changements.<\/p>\n\n\n\n<h2 class=\"wp-block-heading\">Quelle est pour toi la force d\u2019une liste citoyenne, populaire et \u00e9cologiste ?<\/h2>\n\n\n\n<p>La force d\u2019une liste citoyenne, \u00e9cologiste et populaire r\u00e9side selon moi dans le fait de partir des besoins remont\u00e9s directement par les habitants et de pouvoir penser et co-construire les solutions ensemble les plus adapt\u00e9es aux probl\u00e9matiques qui sont toujours sp\u00e9cifiques \u00e0 une ville, un lieu donn\u00e9.<\/p>\n\n\n\n<h2 class=\"wp-block-heading\">Un Livre ? <\/h2>\n\n\n\n<p>Je pense au Bonheur des Dames \u2013 premier livre que j\u2019ai lu d\u2019Emile Zola et cet auteur ne m\u2019a plus \u2018l\u00e2ch\u00e9e\u2019 pendant toute mon adolescence. D\u2019abord journaliste, il a \u00e9crit et d\u00e9peint le monde qu\u2019il observait de mani\u00e8re tr\u00e8s scientifique, pr\u00e9cis et critique \u2013 compr\u00e9hensible par tous.<\/p>\n\n\n\n<h2 class=\"wp-block-heading\">Un mot pour conclure ?<\/h2>\n\n\n\n<p>Plus nous serons nombreux et divers, plus nous serons repr\u00e9sentatifs de la soci\u00e9t\u00e9 et ainsi force de propositions et de cr\u00e9ativit\u00e9 pour agir ensemble sur notre cadre de vie.<\/p>\n","protected":false},"excerpt":{"rendered":"<p>Peux tu te pr\u00e9senter en quelques mots ? Je m\u2019appelle Marie REPOUX, j\u2019ai 42 ans et je vis \u00e0 Valence depuis 14 ans. Originaire de &hellip;<\/p>\n","protected":false},"author":27,"featured_media":1207,"comment_status":"closed","ping_status":"open","sticky":false,"template":"","format":"standard","meta":{"iawp_total_views":286,"footnotes":""},"categories":[130,96],"tags":[13,16,132,14],"class_list":["post-1198","post","type-post","status-publish","format-standard","has-post-thumbnail","hentry","category-nos-soutiens","category-valence-2026-2","tag-gep","tag-municipal","tag-municipales-2026","tag-valence"],"_links":{"self":[{"href":"https:\/\/gep-valence.fr\/index.php?rest_route=\/wp\/v2\/posts\/1198","targetHints":{"allow":["GET"]}}],"collection":[{"href":"https:\/\/gep-valence.fr\/index.php?rest_route=\/wp\/v2\/posts"}],"about":[{"href":"https:\/\/gep-valence.fr\/index.php?rest_route=\/wp\/v2\/types\/post"}],"author":[{"embeddable":true,"href":"https:\/\/gep-valence.fr\/index.php?rest_route=\/wp\/v2\/users\/27"}],"replies":[{"embeddable":true,"href":"https:\/\/gep-valence.fr\/index.php?rest_route=%2Fwp%2Fv2%2Fcomments&post=1198"}],"version-history":[{"count":2,"href":"https:\/\/gep-valence.fr\/index.php?rest_route=\/wp\/v2\/posts\/1198\/revisions"}],"predecessor-version":[{"id":1204,"href":"https:\/\/gep-valence.fr\/index.php?rest_route=\/wp\/v2\/posts\/1198\/revisions\/1204"}],"wp:featuredmedia":[{"embeddable":true,"href":"https:\/\/gep-valence.fr\/index.php?rest_route=\/wp\/v2\/media\/1207"}],"wp:attachment":[{"href":"https:\/\/gep-valence.fr\/index.php?rest_route=%2Fwp%2Fv2%2Fmedia&parent=1198"}],"wp:term":[{"taxonomy":"category","embeddable":true,"href":"https:\/\/gep-valence.fr\/index.php?rest_route=%2Fwp%2Fv2%2Fcategories&post=1198"},{"taxonomy":"post_tag","embeddable":true,"href":"https:\/\/gep-valence.fr\/index.php?rest_route=%2Fwp%2Fv2%2Ftags&post=1198"}],"curies":[{"name":"wp","href":"https:\/\/api.w.org\/{rel}","templated":true}]}}