{"id":1145,"date":"2025-10-17T08:00:00","date_gmt":"2025-10-17T06:00:00","guid":{"rendered":"https:\/\/gep-valence.fr\/?p=1145"},"modified":"2025-11-05T20:52:42","modified_gmt":"2025-11-05T19:52:42","slug":"samir-dib-sengage-dans-la-dynamique-de-la-gauche-ecologiste-et-populaire-pour-les-prochaines-municipales-2026-a-valence","status":"publish","type":"post","link":"https:\/\/gep-valence.fr\/?p=1145","title":{"rendered":"Samir Dib s&rsquo;engage dans la dynamique de la Gauche Ecologiste et Populaire pour les prochaines Municipales 2026 \u00e0 Valence"},"content":{"rendered":"\n<figure class=\"wp-block-image size-large is-resized\"><img loading=\"lazy\" decoding=\"async\" width=\"632\" height=\"1024\" src=\"https:\/\/gep-valence.fr\/wp-content\/uploads\/2025\/10\/Samir-632x1024.jpg\" alt=\"\" class=\"wp-image-1147\" style=\"width:379px;height:auto\" srcset=\"https:\/\/gep-valence.fr\/wp-content\/uploads\/2025\/10\/Samir-632x1024.jpg 632w, https:\/\/gep-valence.fr\/wp-content\/uploads\/2025\/10\/Samir-185x300.jpg 185w, https:\/\/gep-valence.fr\/wp-content\/uploads\/2025\/10\/Samir-768x1244.jpg 768w, https:\/\/gep-valence.fr\/wp-content\/uploads\/2025\/10\/Samir.jpg 790w\" sizes=\"auto, (max-width: 632px) 100vw, 632px\" \/><\/figure>\n\n\n\n<h2 class=\"wp-block-heading\"><br><p><em><strong> Peux-tu te pr\u00e9senter en quelques mots ? <\/strong><\/em><\/p><\/h2>\n\n\n\n<p><br>Samir DIB, 54 ans demeurant \u00e0 Valence Grand Charran, cadres \u00e9ducatif, militant LFI.<\/p>\n\n\n\n<h2 class=\"wp-block-heading\"><br><strong>Pourquoi as-tu choisi de soutenir notre liste ?<\/strong><\/h2>\n\n\n\n<p>Je soutiens la liste GEP pour apporter un renouveau politique \u00e0 la ville de Valence par un programme de rupture avec une prise en compte de l\u2019humain par un projet qui rapproche les Valentinois sur des valeurs commune quelque soit son lieu de vie, la question \u00e9cologique, une autre approche de la s\u00e9curit\u00e9 par la pr\u00e9vention entre autres.<\/p>\n\n\n\n<h2 class=\"wp-block-heading\"><br><strong>Quel est ton lien avec la ville ?<\/strong><\/h2>\n\n\n\n<p><br>Natif de Valence j\u2019ai un fort attachement avec ma ville qui fait partie de mon histoire (\u00e9coles, coll\u00e8ges, lyc\u00e9e, sport et culture, amiti\u00e9s, famille etc.) Une ville \u00e0 taille humaine o\u00f9 il fait bon vivre dont la dynamique s\u2019est accrue ces derni\u00e8res ann\u00e9es dont j\u2019ai pu voir l\u2019\u00e9volution. Pour \u00eatre parfaite, il lu manque l\u2019harmonie entre les quartiers afin de r\u00e9concilier les habitants de Valence et mettre fin au regard distant et jugeant entre les Valentinois.<\/p>\n\n\n\n<h2 class=\"wp-block-heading\">Quel combat ou quel engagement local te tient le plus \u00e0 c\u0153ur ?<\/h2>\n\n\n\n<p>Justice sociale, \u00e9cologie, d\u00e9mocratie participative, jeunesse, sant\u00e9, logement\u2026tous ces combats me tiennent \u00e0 c\u0153ur mais plus particuli\u00e8rement la justice sociale et le logement.<\/p>\n\n\n\n<h2 class=\"wp-block-heading\">Quel engagement ou combat au niveau national te mobilise particuli\u00e8rement ?<\/h2>\n\n\n\n<p>La justice sociale et fiscale de laquelle doit d\u00e9couler une soci\u00e9t\u00e9 apais\u00e9e par son \u00e9quilibre entre les d\u00e9cideurs et la population.<\/p>\n\n\n\n<h2 class=\"wp-block-heading\">Une mesure concr\u00e8te que tu aimerais porter avec la liste ?<\/h2>\n\n\n\n<ol class=\"wp-block-list\"><\/ol>\n\n\n\n<p>Une valorisation des quartiers prioritaire de la ville pour rendre la vie agr\u00e9able aux habitants afin qu\u2019ils puissent vivre en toute s\u00e9curit\u00e9 et dans un cadre propice \u00e0 une vie de quartier. Cela passe par une v\u00e9ritable refonte de ces quartiers pour les rendre ouverts sur l\u2019ext\u00e9rieur en effa\u00e7ant les stigmatisations. Cela demande \u00e9galement une politique de rapprochement entre les habitants et une v\u00e9ritable pr\u00e9sence des services publiques \u00e0 plein temps int\u00e9gr\u00e9s dans ces espaces.<\/p>\n\n\n\n<h2 class=\"wp-block-heading\">Quelle est pour toi la force d&rsquo;une liste citoyenne, populaire et \u00e9cologiste ?<\/h2>\n\n\n\n<p>Je suis assez critique sur la notion de liste citoyenne. Pour moi engag\u00e9s ou non nous sommes tous des citoyens. Le fait d\u2019adh\u00e9rer \u00e0 une liste fait que la personne s\u2019engage \u00e0 porter un projet politique. Je ne sais pas comment la nommer mais la liste citoyenne est un fourre-tout utiliser par beaucoup de partis de gauche pour avancer cacher. Une liste \u00e9cologique et populaire soutenue par LFI est plus claire pour les \u00e9lecteurs.<\/p>\n\n\n\n<h2 class=\"wp-block-heading\">Un mot pour conclure ou un message \u00e0 faire passer aux habitant\u00b7es ?<\/h2>\n\n\n\n<ol class=\"wp-block-list\">\n<li><\/li>\n<\/ol>\n\n\n\n<p>Prol\u00e9taires valentinois unissons-nous contre la bourgeoisie outranci\u00e8re&nbsp;! Plus s\u00e9rieusement l\u2019id\u00e9e de rapprocher les Valentinois dans un projet commun permettant de rompre les pr\u00e9jug\u00e9s et de construire un avenir en commun.<\/p>\n\n\n\n<p><\/p>\n","protected":false},"excerpt":{"rendered":"<p>Peux-tu te pr\u00e9senter en quelques mots ? Samir DIB, 54 ans demeurant \u00e0 Valence Grand Charran, cadres \u00e9ducatif, militant LFI. Pourquoi as-tu choisi de soutenir &hellip;<\/p>\n","protected":false},"author":24,"featured_media":1147,"comment_status":"closed","ping_status":"open","sticky":false,"template":"","format":"standard","meta":{"iawp_total_views":296,"footnotes":""},"categories":[130,96],"tags":[],"class_list":["post-1145","post","type-post","status-publish","format-standard","has-post-thumbnail","hentry","category-nos-soutiens","category-valence-2026-2"],"_links":{"self":[{"href":"https:\/\/gep-valence.fr\/index.php?rest_route=\/wp\/v2\/posts\/1145","targetHints":{"allow":["GET"]}}],"collection":[{"href":"https:\/\/gep-valence.fr\/index.php?rest_route=\/wp\/v2\/posts"}],"about":[{"href":"https:\/\/gep-valence.fr\/index.php?rest_route=\/wp\/v2\/types\/post"}],"author":[{"embeddable":true,"href":"https:\/\/gep-valence.fr\/index.php?rest_route=\/wp\/v2\/users\/24"}],"replies":[{"embeddable":true,"href":"https:\/\/gep-valence.fr\/index.php?rest_route=%2Fwp%2Fv2%2Fcomments&post=1145"}],"version-history":[{"count":7,"href":"https:\/\/gep-valence.fr\/index.php?rest_route=\/wp\/v2\/posts\/1145\/revisions"}],"predecessor-version":[{"id":1170,"href":"https:\/\/gep-valence.fr\/index.php?rest_route=\/wp\/v2\/posts\/1145\/revisions\/1170"}],"wp:featuredmedia":[{"embeddable":true,"href":"https:\/\/gep-valence.fr\/index.php?rest_route=\/wp\/v2\/media\/1147"}],"wp:attachment":[{"href":"https:\/\/gep-valence.fr\/index.php?rest_route=%2Fwp%2Fv2%2Fmedia&parent=1145"}],"wp:term":[{"taxonomy":"category","embeddable":true,"href":"https:\/\/gep-valence.fr\/index.php?rest_route=%2Fwp%2Fv2%2Fcategories&post=1145"},{"taxonomy":"post_tag","embeddable":true,"href":"https:\/\/gep-valence.fr\/index.php?rest_route=%2Fwp%2Fv2%2Ftags&post=1145"}],"curies":[{"name":"wp","href":"https:\/\/api.w.org\/{rel}","templated":true}]}}