{"id":1070,"date":"2025-10-03T08:44:37","date_gmt":"2025-10-03T06:44:37","guid":{"rendered":"https:\/\/gep-valence.fr\/?p=1070"},"modified":"2025-10-03T08:44:37","modified_gmt":"2025-10-03T06:44:37","slug":"precarite-etudiante-8-ans-de-casse-ca-suffit","status":"publish","type":"post","link":"https:\/\/gep-valence.fr\/?p=1070","title":{"rendered":"Pr\u00e9carit\u00e9 \u00e9tudiante : 8 ans de casse, \u00e7a suffit !"},"content":{"rendered":"\n<figure class=\"wp-block-pullquote has-text-align-left\"><blockquote><p><strong>En France, \u00eatre \u00e9tudiant.e en 2025, c&rsquo;est survivre dans un syst\u00e8me qui broie la jeunesse. Face \u00e0 cette violence sociale organis\u00e9e, la Gauche \u00c9cologiste et Populaire porte les revendications de celles et ceux qu&rsquo;ils pr\u00e9f\u00e8rent faire taire : les \u00e9tudiant.es plong\u00e9s dans une pr\u00e9carit\u00e9 syst\u00e9matique.<\/strong><\/p><\/blockquote><\/figure>\n\n\n\n<h2 class=\"wp-block-heading\">Une pr\u00e9carit\u00e9 qui tue l&rsquo;avenir<\/h2>\n\n\n\n<p>Les chiffres parlent d&rsquo;eux-m\u00eames : <strong>3 \u00e9tudiants sur 10 ont besoin de l&rsquo;aide alimentaire<\/strong>, la moiti\u00e9 des jeunes sautent des repas. Nous ne parlons plus d&rsquo;in\u00e9galit\u00e9s, mais bien de <strong>violence sociale<\/strong> assum\u00e9e.<\/p>\n\n\n\n<p>Cette violence commence d\u00e8s l&rsquo;orientation. Sur Parcoursup, avoir un pr\u00e9nom d&rsquo;origine fran\u00e7aise repr\u00e9sente <strong>8,5% de chances suppl\u00e9mentaires<\/strong> d&rsquo;\u00eatre accept\u00e9 par rapport \u00e0 un pr\u00e9nom d&rsquo;origine africaine. Cette ann\u00e9e, <strong>76 000 places manquent en master<\/strong>. Le tri social et racial est devenu la norme.<\/p>\n\n\n\n<h2 class=\"wp-block-heading\">Des promesses trahies, une jeunesse abandonn\u00e9e<\/h2>\n\n\n\n<p>Emmanuel Macron promettait 60 000 logements CROUS en 2017. <strong>Seuls 15 000 ont \u00e9t\u00e9 construits.<\/strong> Pendant ce temps, un \u00e9tudiant sur 10 vit dans moins de 9 m\u00e8tres carr\u00e9s, 7 sur 10 dans des passoires thermiques. Le logement devient le premier poste de d\u00e9pense des \u00e9tudiants alors que <strong>600 000 logements CROUS seraient n\u00e9cessaires en urgence<\/strong>.<\/p>\n\n\n\n<p>Le syst\u00e8me de bourses r\u00e9v\u00e8le toute l&rsquo;hypocrisie gouvernementale. L&rsquo;\u00e9chelon maximal n&rsquo;atteint que <strong>45% du seuil de pauvret\u00e9<\/strong>. Comment pr\u00e9tendre lutter contre la pr\u00e9carit\u00e9 avec des miettes qui maintiennent dans la pauvret\u00e9 ? La moiti\u00e9 des \u00e9tudiants boursiers stagnent dans les 3 premiers \u00e9chelons, avec une moyenne globale <strong>inf\u00e9rieure \u00e0 150\u20ac par mois<\/strong>.<\/p>\n\n\n\n<h2 class=\"wp-block-heading\">Le pi\u00e8ge de l&rsquo;\u00e9chec programm\u00e9<\/h2>\n\n\n\n<p><strong>2 \u00e9tudiants sur 5 sont contraints de travailler<\/strong>, alors que c&rsquo;est la premi\u00e8re cause d&rsquo;\u00e9chec scolaire. Les enfants de cadres restent <strong>3 fois plus nombreux<\/strong> que les enfants d&rsquo;ouvriers dans le sup\u00e9rieur. Voil\u00e0 la r\u00e9alit\u00e9 de la \u00ab\u00a0m\u00e9ritocratie r\u00e9publicaine\u00a0\u00bb macroniste.<\/p>\n\n\n\n<p>Mais ce gouvernement trouve toujours le temps et l&rsquo;argent : pour la guerre, les cadeaux fiscaux aux plus riches, la subvention de l&rsquo;enseignement priv\u00e9 o\u00f9 se retrouve d\u00e9sormais <strong>plus d&rsquo;1 \u00e9tudiant sur 4<\/strong>.<\/p>\n\n\n\n<p>Le bilan est accablant : <strong>3 000\u20ac de pouvoir d&rsquo;achat perdus<\/strong> pour les \u00e9tudiants en 8 ans, <strong>1,5 milliard d&rsquo;euros d&rsquo;amputation<\/strong> pour les universit\u00e9s publiques rien que depuis l&rsquo;ann\u00e9e derni\u00e8re. <strong>80% des universit\u00e9s sont d\u00e9ficitaires<\/strong> : voil\u00e0 une fois de plus le projet macroniste, appauvrir la jeunesse et asphyxier l&rsquo;universit\u00e9 publique.<\/p>\n\n\n\n<h2 class=\"wp-block-heading\">Nos propositions : l&rsquo;\u00e9mancipation contre la pr\u00e9carit\u00e9<\/h2>\n\n\n\n<p>Face \u00e0 cette casse sociale, la Gauche \u00c9cologiste et Populaire revendique une r\u00e9action du gouvernement et propose des solutions concr\u00e8tes.<\/p>\n\n\n\n<p>D&rsquo;apr\u00e8s l&rsquo;Union Etudiante, <strong>1 288\u20ac par mois<\/strong> sont n\u00e9cessaires pour \u00e9tudier sans \u00eatre pauvre. L&rsquo;exemple existe : au Danemark, <strong>914\u20ac par mois pour tous les \u00e9tudiants depuis 1988<\/strong>. En Su\u00e8de, des aides universalis\u00e9es contribuent bien mieux \u00e0 l&rsquo;\u00e9mancipation des jeunes. C&rsquo;est possible, c&rsquo;est un choix politique !<\/p>\n\n\n\n<p>Contrairement aux discours culpabilisants, l&rsquo;enseignement sup\u00e9rieur est un investissement rentable. Le Campus de Valence illustre parfaitement cette r\u00e9alit\u00e9 : <strong>50 millions d&rsquo;euros<\/strong> de d\u00e9penses annuelles g\u00e9n\u00e8rent <strong>126 millions de retomb\u00e9es<\/strong> en Dr\u00f4me-Ard\u00e8che. L&rsquo;universit\u00e9 n&rsquo;est pas une charge, c&rsquo;est une chance pour les territoires, les entreprises et la R\u00e9publique.<\/p>\n\n\n\n<p><strong>L&rsquo;\u00e9ducation, c&rsquo;est un droit !<\/strong> Un droit \u00e0 l&rsquo;\u00e9mancipation, \u00e0 la connaissance, \u00e0 la construction d&rsquo;un avenir choisi. Ce droit ne peut \u00eatre conditionn\u00e9 aux revenus familiaux ou \u00e0 l&rsquo;origine sociale.<\/p>\n\n\n\n<h2 class=\"wp-block-heading\">Mobilisons-nous pour l&rsquo;avenir !<\/h2>\n\n\n\n<p>La pr\u00e9carit\u00e9 \u00e9tudiante n&rsquo;est pas une fatalit\u00e9. C&rsquo;est le produit d&rsquo;un syst\u00e8me qui veut r\u00e9server l&rsquo;universit\u00e9 \u00e0 une \u00e9lite et transformer l&rsquo;\u00e9ducation en marchandise.<\/p>\n\n\n\n<p><strong>Continuons \u00e0 nous mobiliser !<\/strong> Pour un service public d&rsquo;enseignement sup\u00e9rieur \u00e9mancipateur ! Pour une soci\u00e9t\u00e9 qui investit dans sa jeunesse plut\u00f4t que de la sacrifier ! Pour une universit\u00e9 ouverte \u00e0 tous, financ\u00e9e par tous !<\/p>\n\n\n\n<p><strong>L&rsquo;avenir se construit maintenant, ensemble !<\/strong><\/p>\n\n\n\n<hr class=\"wp-block-separator has-alpha-channel-opacity is-style-wide\" \/>\n\n\n\n<h2 class=\"wp-block-heading\">Sources et bibliographie<\/h2>\n\n\n\n<ul class=\"wp-block-list\">\n<li><a href=\"https:\/\/drive.google.com\/file\/d\/11QtgZYvuKSK38cdLmkaSYrSC9PpHgGwX\/view?usp=drive_link\">Dossier de rentr\u00e9e de l&rsquo;Union \u00c9tudiante<\/a><\/li>\n\n\n\n<li><a href=\"https:\/\/unef.fr\/wp-content\/uploads\/2025\/08\/Enquete-UNEF-2025.pdf\">Enqu\u00eate UNEF 2025<\/a><\/li>\n\n\n\n<li><a href=\"https:\/\/linkee.co\/etude-sociologique-2025\/\">Etude-sociologique-2025 | Linkee<\/a><\/li>\n\n\n\n<li><a href=\"https:\/\/www.ifop.com\/publication\/la-precarite-etudiante-en-france-quelle-realite-en-2024\/\">La pr\u00e9carit\u00e9 \u00e9tudiante en France : quelle r\u00e9alit\u00e9 en 2024 ? &#8211; IFOP<\/a><\/li>\n\n\n\n<li><a href=\"https:\/\/fage.org\/news\/actualites-fage-federations\/2025-09-03,DP-FAGE-ICDR-2025.htm\">Indicateur du co\u00fbt de la rentr\u00e9e \u00e9tudiante 2025<\/a><\/li>\n\n\n\n<li><a href=\"https:\/\/www.univ-grenoble-alpes.fr\/medias\/fichier\/livret12p-impact-valence-long-bd_1639061087377-pdf?ID_FICHE=1109906&amp;INLINE=FALSE#:~:text=Avec%20l'application%20d'un,effet%20levier%20de%2049%E2%82%AC.\"> L\u2019UGA, un moteur de la dynamique socio-\u00e9conomique et culturelle des territoires de Dr\u00f4me et d\u2019Ard\u00e8che<\/a><\/li>\n<\/ul>\n","protected":false},"excerpt":{"rendered":"<p>En France, \u00eatre \u00e9tudiant.e en 2025, c&rsquo;est survivre dans un syst\u00e8me qui broie la jeunesse. Face \u00e0 cette violence sociale organis\u00e9e, la Gauche \u00c9cologiste et &hellip;<\/p>\n","protected":false},"author":10,"featured_media":0,"comment_status":"closed","ping_status":"open","sticky":false,"template":"","format":"standard","meta":{"iawp_total_views":85,"footnotes":""},"categories":[46,49,40,47,96],"tags":[54,180,13,19,179,29,178,14],"class_list":["post-1070","post","type-post","status-publish","format-standard","hentry","category-ecole","category-sante","category-solidarite","category-valence-2026","category-valence-2026-2","tag-alimentation","tag-etudiant","tag-gep","tag-populaire","tag-precarite","tag-sante","tag-solidarite","tag-valence"],"_links":{"self":[{"href":"https:\/\/gep-valence.fr\/index.php?rest_route=\/wp\/v2\/posts\/1070","targetHints":{"allow":["GET"]}}],"collection":[{"href":"https:\/\/gep-valence.fr\/index.php?rest_route=\/wp\/v2\/posts"}],"about":[{"href":"https:\/\/gep-valence.fr\/index.php?rest_route=\/wp\/v2\/types\/post"}],"author":[{"embeddable":true,"href":"https:\/\/gep-valence.fr\/index.php?rest_route=\/wp\/v2\/users\/10"}],"replies":[{"embeddable":true,"href":"https:\/\/gep-valence.fr\/index.php?rest_route=%2Fwp%2Fv2%2Fcomments&post=1070"}],"version-history":[{"count":14,"href":"https:\/\/gep-valence.fr\/index.php?rest_route=\/wp\/v2\/posts\/1070\/revisions"}],"predecessor-version":[{"id":1084,"href":"https:\/\/gep-valence.fr\/index.php?rest_route=\/wp\/v2\/posts\/1070\/revisions\/1084"}],"wp:attachment":[{"href":"https:\/\/gep-valence.fr\/index.php?rest_route=%2Fwp%2Fv2%2Fmedia&parent=1070"}],"wp:term":[{"taxonomy":"category","embeddable":true,"href":"https:\/\/gep-valence.fr\/index.php?rest_route=%2Fwp%2Fv2%2Fcategories&post=1070"},{"taxonomy":"post_tag","embeddable":true,"href":"https:\/\/gep-valence.fr\/index.php?rest_route=%2Fwp%2Fv2%2Ftags&post=1070"}],"curies":[{"name":"wp","href":"https:\/\/api.w.org\/{rel}","templated":true}]}}